{"id":12678,"date":"2023-01-30T10:52:51","date_gmt":"2023-01-30T09:52:51","guid":{"rendered":"https:\/\/www.puzzleyou.de\/blog\/?p=12678"},"modified":"2023-01-31T07:50:07","modified_gmt":"2023-01-31T06:50:07","slug":"time-to-say-goodbye-ecommerce-nacht-wird-eingestellt","status":"publish","type":"post","link":"https:\/\/www.puzzleyou.de\/blog\/time-to-say-goodbye-ecommerce-nacht-wird-eingestellt\/","title":{"rendered":"Time to say goodbye:\u00a0 eCommerce Nacht wird eingestellt"},"content":{"rendered":"\n<p>Elf Jahre, neun eCommerce N\u00e4chte und \u00fcber zwei Dutzend Referentinnen und Referenten aus den verschiedensten Bereichen des Online-Handels \u2013 das ist eine Bilanz, die sich sehen lassen kann. Nach sorgf\u00e4ltiger Abw\u00e4gung vieler Faktoren haben wir uns nun aber schweren Herzens dazu entschieden, die Veranstaltung nicht mehr fortzuf\u00fchren.<\/p>\n\n\n\n<!--more-->\n\n\n\n<p>Man soll aufh\u00f6ren, wenn es am sch\u00f6nsten ist. Dieses altbekannte Sprichwort trifft nun auch auf uns zu. Es f\u00e4llt uns nicht leicht nach \u00fcber zehn Jahren, in denen wir die 2012 ins Leben gerufene <a href=\"http:\/\/www.ecommerce-nacht.de\" target=\"_blank\" rel=\"noopener nofollow\" title=\"\">eCommerce Nacht<\/a> zu einer \u00fcberregionalen und beliebten Veranstaltung fortlaufend weiterentwickelt haben, jetzt den Schlussstrich zu ziehen. Aber die Abw\u00e4gung verschiedener Faktoren hat uns zu diesem Entschluss gebracht. Die eCommerce Nacht 2022 war damit die letzte ihrer Art.<\/p>\n\n\n\n<h2 class=\"wp-block-heading\">Die Gr\u00fcnde f\u00fcr die Entscheidung<\/h2>\n\n\n\n<p>Wir haben die eCommerce Nacht jedes Jahr voller Herzblut und Eifer durchgef\u00fchrt, doch die vergangenen Jahre haben uns gezeigt, dass die Zeit nicht stehen bleibt und die Welt sich zunehmend wandelt. Insbesondere w\u00e4hrend der Corona-Pandemie ist die Digitalisierung rasant fortgeschritten und vieles hat sich in die Online-Welt verlagert. Gleichzeitig haben Pr\u00e4senzveranstaltungen zunehmend an Publikum verloren. Wer Informationen zu bestimmten Themen sucht, findet diese rund um die Uhr im Internet, kann Online-Meetings und -Schulungen besuchen oder digitale Dokumente konsumieren. Der Austausch mit fachkundigen Experten vor Ort ist nicht mehr n\u00f6tig. Heutzutage ist es schwieriger denn je, Leute f\u00fcr Veranstaltungen, wie die eCommerce Nacht, in den H\u00f6rsaal zu bekommen. Nat\u00fcrlich haben wir versucht L\u00f6sungen zu finden und uns an die neuen Gegebenheiten anzupassen, z.B. indem wir die Veranstaltung hybrid durchf\u00fchren, also sowohl mit Pr\u00e4senz vor Ort als auch mit gleichzeitiger Online-\u00dcbertragung. Jedoch bef\u00fcrchten wir so nur noch leerere H\u00f6rs\u00e4le.<\/p>\n\n\n\n<p>Ein weiterer Punkt ist, dass es fortlaufend schwerer wird, wirklich hochkar\u00e4tige Referentinnen und Referenten nach Weiden zu holen. Viele wollen nicht vor einem kleinen H\u00f6rsaal mit gerade einmal rund 200 Zuh\u00f6rern auftreten oder sind schlichtweg zu teuer. Aber gerade die namhaften Expertinnen und Experten sind eben nun mal genau die Zugpferde, welche die Leute in den H\u00f6rsaal holen w\u00fcrden. Wegen einem kleinen Online-Shop Betreiber, der zwar ein spannendes und praxisrelevantes Thema vorstellt, den aber kaum jemand kennt, kommt heutzutage keiner mehr. Aufgrund dieser Gr\u00fcnde sehen wir nun einfach, dass die eCommerce Nacht ihren Zenit erreicht hat.<\/p>\n\n\n\n<p>Unser Norbert, Initiator der Veranstaltung, hat unseren Gedanken dazu sch\u00f6n auf den Punkt gebracht: <br><em>\u201eWir glauben, dass wir mit der Einstellung der Veranstaltung jetzt einen guten Zeitpunkt erwischt haben. Das ist ja oft im Leben sehr wichtig, den richtigen Zeitpunkt, auch f\u00fcr ein Beenden, zu treffen. Uns hat damit nicht Corona in die Knie gezwungen. Es gab nach der Pandemie-Pause nochmal eine Veranstaltung, was gut so war. Aber genau nach dieser, so unsere Sichtweise, ist jetzt der ideale Zeitpunkt zu sagen: Das waren sch\u00f6ne und tolle elf Jahre mit insgesamt neun Veranstaltungen. Wir konnten hier etwas Tolles machen, es hat super viel Spa\u00df gemacht und wir haben viele Besucherinnen und Besucher mit interessanten Infos und Abenden versorgt.\u201d<\/em><\/p>\n\n\n\n<p>Wir bedanken uns an dieser Stelle auch bei allen, die \u00fcber all die Jahre hinweg die eCommerce N\u00e4chte besucht und so zu gelungenen Veranstaltungen beigetragen haben. Wir hoffen, ihr hattet jedes Mal genauso viel Spa\u00df dabei wie wir.<\/p>\n\n\n\n<h2 class=\"wp-block-heading\">Neue Projekte in der Zukunft<\/h2>\n\n\n\n<p>Nat\u00fcrlich sind wir auf der einen Seite bedr\u00fcckt, jedoch blicken wir auch mit einem lachenden Auge in die Zukunft und freuen uns auf alles, was jetzt neues auf uns wartet. Selbstverst\u00e4ndlich k\u00f6nnt ihr auch weiterhin mit uns in Kontakt treten, z.B. im Rahmen einer <a href=\"https:\/\/www.puzzleyou.de\/blog\/glaeserne-fabrik-erlebe-die-fotopuzzle-produktion-bei-puzzleyou-hautnah\/\" target=\"_blank\" rel=\"noopener nofollow\" title=\"Gl\u00e4serne Fabrik \u2013 Erlebe die Fotopuzzle-Produktion bei puzzleYOU hautnah\">Unternehmensf\u00fchrung<\/a>, oder bei diversen anderen Veranstaltungen, bei denen wir nach wie vor gerne als Referenten teilnehmen, wie bspw. am <a href=\"https:\/\/www.puzzleyou.de\/blog\/puzzleyou-beim-e-commerce-tag-in-regensburg-wie-sieht-der-digitale-handel-der-zukunft-aus\/\" target=\"_blank\" rel=\"noopener nofollow\" title=\"puzzleYOU beim E-Commerce-Tag in Regensburg \u2013 Wie sieht der digitale Handel der Zukunft aus?\">E-Commerce-Tag<\/a> letztes Jahr in Regensburg. Wann, wie und wo etwas stattfindet, erfahrt ihr hier bei uns im Blog und auf unserer <a href=\"https:\/\/www.puzzleyou.de\/jobs\" target=\"_blank\" rel=\"noopener nofollow\" title=\"\">Karriereseite<\/a> ganz unten.<\/p>\n","protected":false},"excerpt":{"rendered":"<p>Elf Jahre, neun eCommerce N\u00e4chte und \u00fcber zwei Dutzend Referentinnen und Referenten aus den verschiedensten Bereichen des Online-Handels \u2013 das ist eine Bilanz, die sich sehen lassen kann. Nach sorgf\u00e4ltiger Abw\u00e4gung vieler Faktoren haben wir uns nun aber schweren Herzens dazu entschieden, die Veranstaltung nicht mehr fortzuf\u00fchren.<\/p>\n","protected":false},"author":13,"featured_media":12683,"comment_status":"open","ping_status":"open","sticky":false,"template":"","format":"standard","meta":{"footnotes":""},"categories":[1,60],"tags":[],"class_list":{"0":"post-12678","1":"post","2":"type-post","3":"status-publish","4":"format-standard","5":"has-post-thumbnail","7":"category-willkommen","8":"category-veranstaltungen"},"aioseo_notices":[],"_links":{"self":[{"href":"https:\/\/www.puzzleyou.de\/blog\/wp-json\/wp\/v2\/posts\/12678","targetHints":{"allow":["GET"]}}],"collection":[{"href":"https:\/\/www.puzzleyou.de\/blog\/wp-json\/wp\/v2\/posts"}],"about":[{"href":"https:\/\/www.puzzleyou.de\/blog\/wp-json\/wp\/v2\/types\/post"}],"author":[{"embeddable":true,"href":"https:\/\/www.puzzleyou.de\/blog\/wp-json\/wp\/v2\/users\/13"}],"replies":[{"embeddable":true,"href":"https:\/\/www.puzzleyou.de\/blog\/wp-json\/wp\/v2\/comments?post=12678"}],"version-history":[{"count":17,"href":"https:\/\/www.puzzleyou.de\/blog\/wp-json\/wp\/v2\/posts\/12678\/revisions"}],"predecessor-version":[{"id":12698,"href":"https:\/\/www.puzzleyou.de\/blog\/wp-json\/wp\/v2\/posts\/12678\/revisions\/12698"}],"wp:featuredmedia":[{"embeddable":true,"href":"https:\/\/www.puzzleyou.de\/blog\/wp-json\/wp\/v2\/media\/12683"}],"wp:attachment":[{"href":"https:\/\/www.puzzleyou.de\/blog\/wp-json\/wp\/v2\/media?parent=12678"}],"wp:term":[{"taxonomy":"category","embeddable":true,"href":"https:\/\/www.puzzleyou.de\/blog\/wp-json\/wp\/v2\/categories?post=12678"},{"taxonomy":"post_tag","embeddable":true,"href":"https:\/\/www.puzzleyou.de\/blog\/wp-json\/wp\/v2\/tags?post=12678"}],"curies":[{"name":"wp","href":"https:\/\/api.w.org\/{rel}","templated":true}]}}